{"id":11,"date":"2022-06-16T15:57:00","date_gmt":"2022-06-16T13:57:00","guid":{"rendered":"http:\/\/www.jrk-kv-vs.de\/camp2022\/?p=11"},"modified":"2022-07-17T10:30:59","modified_gmt":"2022-07-17T08:30:59","slug":"startschuss-fuer-das-camp-2022","status":"publish","type":"post","link":"http:\/\/www.jrk-kv-vs.de\/camp2022\/startschuss-fuer-das-camp-2022\/","title":{"rendered":"Startschuss f\u00fcr das Camp 2022"},"content":{"rendered":"\n<div class=\"wp-block-columns is-layout-flex wp-container-3\">\n<div class=\"wp-block-column is-layout-flow\" style=\"flex-basis:33.33%\"><figure class=\"wp-block-post-featured-image\"><img width=\"300\" height=\"200\" src=\"http:\/\/www.jrk-kv-vs.de\/camp2022\/wp-content\/uploads\/2022\/07\/fahne-300x200.jpg\" class=\"attachment-post-thumbnail size-post-thumbnail wp-post-image\" alt=\"\" decoding=\"async\" loading=\"lazy\" \/><\/figure><\/div>\n\n\n\n<div class=\"wp-block-column is-layout-flow\" style=\"flex-basis:66.66%\">\n<p>Am heutigen Donnerstag startete nach langer (Corona-)Pause endlich wieder ein Zeltlager im Kreisverband Villingen-Schwenningen. Und dieses Jahr sogar mit einer einzigartigen Kulisse, an der Linachtalsperre.<\/p>\n\n\n\n<p>Sonne und gutes Wetter ist f\u00fcr die n\u00e4chsten Tage bestellt und soll p\u00fcnktlich geliefert werden. Und es sind auch \u00fcber 120 Kids, Betreuer und Helfer dabei. Auch aus dem KV Landkreis Konstanz und mit Jugendfeuerwehren aus der Region.<\/p>\n\n\n\n<p>Zusammen begann das Zeltlager dann mit dem Hissen entsprechend HiOrg-Fahnen der Jugend.<\/p>\n<\/div>\n<\/div>\n","protected":false},"excerpt":{"rendered":"<p>Am heutigen Donnerstag startete nach langer (Corona-)Pause endlich wieder ein Zeltlager im Kreisverband Villingen-Schwenningen. Und dieses Jahr sogar mit einer einzigartigen Kulisse, an der Linachtalsperre. Sonne und gutes Wetter ist f\u00fcr die n\u00e4chsten Tage bestellt und soll p\u00fcnktlich geliefert werden. Und es sind auch \u00fcber 120 Kids, Betreuer und Helfer dabei. Auch aus dem KV [&hellip;]<\/p>\n","protected":false},"author":1,"featured_media":12,"comment_status":"open","ping_status":"open","sticky":false,"template":"","format":"standard","meta":[],"categories":[1],"tags":[],"_links":{"self":[{"href":"http:\/\/www.jrk-kv-vs.de\/camp2022\/wp-json\/wp\/v2\/posts\/11"}],"collection":[{"href":"http:\/\/www.jrk-kv-vs.de\/camp2022\/wp-json\/wp\/v2\/posts"}],"about":[{"href":"http:\/\/www.jrk-kv-vs.de\/camp2022\/wp-json\/wp\/v2\/types\/post"}],"author":[{"embeddable":true,"href":"http:\/\/www.jrk-kv-vs.de\/camp2022\/wp-json\/wp\/v2\/users\/1"}],"replies":[{"embeddable":true,"href":"http:\/\/www.jrk-kv-vs.de\/camp2022\/wp-json\/wp\/v2\/comments?post=11"}],"version-history":[{"count":3,"href":"http:\/\/www.jrk-kv-vs.de\/camp2022\/wp-json\/wp\/v2\/posts\/11\/revisions"}],"predecessor-version":[{"id":95,"href":"http:\/\/www.jrk-kv-vs.de\/camp2022\/wp-json\/wp\/v2\/posts\/11\/revisions\/95"}],"wp:featuredmedia":[{"embeddable":true,"href":"http:\/\/www.jrk-kv-vs.de\/camp2022\/wp-json\/wp\/v2\/media\/12"}],"wp:attachment":[{"href":"http:\/\/www.jrk-kv-vs.de\/camp2022\/wp-json\/wp\/v2\/media?parent=11"}],"wp:term":[{"taxonomy":"category","embeddable":true,"href":"http:\/\/www.jrk-kv-vs.de\/camp2022\/wp-json\/wp\/v2\/categories?post=11"},{"taxonomy":"post_tag","embeddable":true,"href":"http:\/\/www.jrk-kv-vs.de\/camp2022\/wp-json\/wp\/v2\/tags?post=11"}],"curies":[{"name":"wp","href":"https:\/\/api.w.org\/{rel}","templated":true}]}}